{"id":1703,"date":"2026-01-01T21:44:16","date_gmt":"2026-01-02T00:44:16","guid":{"rendered":"http:\/\/bk.institucional.ws\/?p=1703"},"modified":"2026-03-26T14:16:49","modified_gmt":"2026-03-26T17:16:49","slug":"casa-kim","status":"publish","type":"post","link":"https:\/\/bk.arq.br\/en\/projeto\/casa-kim\/","title":{"rendered":"KIM HOUSE"},"content":{"rendered":"<div class=\"wp-block-columns is-layout-flex wp-container-core-columns-is-layout-9d6595d7 wp-block-columns-is-layout-flex\">\n<div class=\"wp-block-column is-layout-flow wp-block-column-is-layout-flow\">\n<figure class=\"wp-block-image size-full\"><img loading=\"lazy\" decoding=\"async\" width=\"690\" height=\"971\" src=\"https:\/\/bk.arq.br\/wp-content\/uploads\/2026\/02\/CASAKIM-Maquete-3-6.jpg\" alt=\"\" class=\"wp-image-1642\" srcset=\"https:\/\/bk.arq.br\/wp-content\/uploads\/2026\/02\/CASAKIM-Maquete-3-6.jpg 690w, https:\/\/bk.arq.br\/wp-content\/uploads\/2026\/02\/CASAKIM-Maquete-3-6-213x300.jpg 213w, https:\/\/bk.arq.br\/wp-content\/uploads\/2026\/02\/CASAKIM-Maquete-3-6-9x12.jpg 9w\" sizes=\"auto, (max-width: 690px) 100vw, 690px\" \/><\/figure>\n<\/div>\n\n\n\n<div class=\"wp-block-column is-layout-flow wp-block-column-is-layout-flow\">\n<figure class=\"wp-block-image size-full\"><img loading=\"lazy\" decoding=\"async\" width=\"800\" height=\"484\" src=\"https:\/\/bk.arq.br\/wp-content\/uploads\/2026\/02\/CASAKIM-Maquete-3-4.jpg\" alt=\"\" class=\"wp-image-1641\" srcset=\"https:\/\/bk.arq.br\/wp-content\/uploads\/2026\/02\/CASAKIM-Maquete-3-4.jpg 800w, https:\/\/bk.arq.br\/wp-content\/uploads\/2026\/02\/CASAKIM-Maquete-3-4-300x182.jpg 300w, https:\/\/bk.arq.br\/wp-content\/uploads\/2026\/02\/CASAKIM-Maquete-3-4-768x465.jpg 768w, https:\/\/bk.arq.br\/wp-content\/uploads\/2026\/02\/CASAKIM-Maquete-3-4-18x12.jpg 18w\" sizes=\"auto, (max-width: 800px) 100vw, 800px\" \/><\/figure>\n<\/div>\n<\/div>\n\n\n\n<div class=\"wp-block-columns is-layout-flex wp-container-core-columns-is-layout-9d6595d7 wp-block-columns-is-layout-flex\">\n<div class=\"wp-block-column is-layout-flow wp-block-column-is-layout-flow\">\n<figure class=\"wp-block-image size-full\"><img loading=\"lazy\" decoding=\"async\" width=\"684\" height=\"1064\" src=\"https:\/\/bk.arq.br\/wp-content\/uploads\/2026\/02\/CASAKIM-Maquete-3-7.jpg\" alt=\"\" class=\"wp-image-1617\" srcset=\"https:\/\/bk.arq.br\/wp-content\/uploads\/2026\/02\/CASAKIM-Maquete-3-7.jpg 684w, https:\/\/bk.arq.br\/wp-content\/uploads\/2026\/02\/CASAKIM-Maquete-3-7-193x300.jpg 193w, https:\/\/bk.arq.br\/wp-content\/uploads\/2026\/02\/CASAKIM-Maquete-3-7-658x1024.jpg 658w, https:\/\/bk.arq.br\/wp-content\/uploads\/2026\/02\/CASAKIM-Maquete-3-7-8x12.jpg 8w\" sizes=\"auto, (max-width: 684px) 100vw, 684px\" \/><\/figure>\n<\/div>\n\n\n\n<div class=\"wp-block-column is-layout-flow wp-block-column-is-layout-flow\">\n<figure class=\"wp-block-image size-full\"><img loading=\"lazy\" decoding=\"async\" width=\"2178\" height=\"1359\" src=\"https:\/\/bk.arq.br\/wp-content\/uploads\/2026\/02\/CASAKIM-Maquete-3-2.jpg\" alt=\"\" class=\"wp-image-1611\" srcset=\"https:\/\/bk.arq.br\/wp-content\/uploads\/2026\/02\/CASAKIM-Maquete-3-2.jpg 2178w, https:\/\/bk.arq.br\/wp-content\/uploads\/2026\/02\/CASAKIM-Maquete-3-2-300x187.jpg 300w, https:\/\/bk.arq.br\/wp-content\/uploads\/2026\/02\/CASAKIM-Maquete-3-2-1024x639.jpg 1024w, https:\/\/bk.arq.br\/wp-content\/uploads\/2026\/02\/CASAKIM-Maquete-3-2-768x479.jpg 768w, https:\/\/bk.arq.br\/wp-content\/uploads\/2026\/02\/CASAKIM-Maquete-3-2-1536x958.jpg 1536w, https:\/\/bk.arq.br\/wp-content\/uploads\/2026\/02\/CASAKIM-Maquete-3-2-2048x1278.jpg 2048w, https:\/\/bk.arq.br\/wp-content\/uploads\/2026\/02\/CASAKIM-Maquete-3-2-18x12.jpg 18w\" sizes=\"auto, (max-width: 2178px) 100vw, 2178px\" \/><\/figure>\n<\/div>\n<\/div>\n\n\n\n<div class=\"wp-block-columns is-layout-flex wp-container-core-columns-is-layout-9d6595d7 wp-block-columns-is-layout-flex\">\n<div class=\"wp-block-column is-layout-flow wp-block-column-is-layout-flow\">\n<figure class=\"wp-block-image size-full\"><img loading=\"lazy\" decoding=\"async\" width=\"1101\" height=\"626\" src=\"https:\/\/bk.arq.br\/wp-content\/uploads\/2026\/02\/CASAKIM-Maquete-3-5.jpg\" alt=\"\" class=\"wp-image-1609\" srcset=\"https:\/\/bk.arq.br\/wp-content\/uploads\/2026\/02\/CASAKIM-Maquete-3-5.jpg 1101w, https:\/\/bk.arq.br\/wp-content\/uploads\/2026\/02\/CASAKIM-Maquete-3-5-300x171.jpg 300w, https:\/\/bk.arq.br\/wp-content\/uploads\/2026\/02\/CASAKIM-Maquete-3-5-1024x582.jpg 1024w, https:\/\/bk.arq.br\/wp-content\/uploads\/2026\/02\/CASAKIM-Maquete-3-5-768x437.jpg 768w, https:\/\/bk.arq.br\/wp-content\/uploads\/2026\/02\/CASAKIM-Maquete-3-5-18x10.jpg 18w\" sizes=\"auto, (max-width: 1101px) 100vw, 1101px\" \/><\/figure>\n<\/div>\n\n\n\n<div class=\"wp-block-column is-layout-flow wp-block-column-is-layout-flow\">\n<figure class=\"wp-block-image size-full\"><img loading=\"lazy\" decoding=\"async\" width=\"819\" height=\"474\" src=\"https:\/\/bk.arq.br\/wp-content\/uploads\/2026\/02\/CASAKIM-Maquete-3-3.jpg\" alt=\"\" class=\"wp-image-1607\" srcset=\"https:\/\/bk.arq.br\/wp-content\/uploads\/2026\/02\/CASAKIM-Maquete-3-3.jpg 819w, https:\/\/bk.arq.br\/wp-content\/uploads\/2026\/02\/CASAKIM-Maquete-3-3-300x174.jpg 300w, https:\/\/bk.arq.br\/wp-content\/uploads\/2026\/02\/CASAKIM-Maquete-3-3-768x444.jpg 768w, https:\/\/bk.arq.br\/wp-content\/uploads\/2026\/02\/CASAKIM-Maquete-3-3-18x10.jpg 18w\" sizes=\"auto, (max-width: 819px) 100vw, 819px\" \/><\/figure>\n<\/div>\n<\/div>\n\n\n\n<div class=\"wp-block-columns is-layout-flex wp-container-core-columns-is-layout-9d6595d7 wp-block-columns-is-layout-flex\">\n<div class=\"wp-block-column is-layout-flow wp-block-column-is-layout-flow\">\n<figure class=\"wp-block-image size-full\"><img decoding=\"async\" src=\"https:\/\/bk.arq.br\/wp-content\/uploads\/2026\/03\/Casa-Kim-Maquete-2_.png\" alt=\"\" class=\"wp-image-2986\"\/><\/figure>\n<\/div>\n<\/div>\n\n\n\n<div class=\"wp-block-columns is-layout-flex wp-container-core-columns-is-layout-9d6595d7 wp-block-columns-is-layout-flex\">\n<div class=\"wp-block-column is-layout-flow wp-block-column-is-layout-flow\">\n<figure class=\"wp-block-image size-full\"><img loading=\"lazy\" decoding=\"async\" width=\"2516\" height=\"1664\" src=\"https:\/\/bk.arq.br\/wp-content\/uploads\/2026\/03\/Casa-Kim-Maquete-3_edit.png\" alt=\"\" class=\"wp-image-2991\" srcset=\"https:\/\/bk.arq.br\/wp-content\/uploads\/2026\/03\/Casa-Kim-Maquete-3_edit.png 2516w, https:\/\/bk.arq.br\/wp-content\/uploads\/2026\/03\/Casa-Kim-Maquete-3_edit-300x198.png 300w, https:\/\/bk.arq.br\/wp-content\/uploads\/2026\/03\/Casa-Kim-Maquete-3_edit-1024x677.png 1024w, https:\/\/bk.arq.br\/wp-content\/uploads\/2026\/03\/Casa-Kim-Maquete-3_edit-768x508.png 768w, https:\/\/bk.arq.br\/wp-content\/uploads\/2026\/03\/Casa-Kim-Maquete-3_edit-1536x1016.png 1536w, https:\/\/bk.arq.br\/wp-content\/uploads\/2026\/03\/Casa-Kim-Maquete-3_edit-2048x1354.png 2048w, https:\/\/bk.arq.br\/wp-content\/uploads\/2026\/03\/Casa-Kim-Maquete-3_edit-18x12.png 18w\" sizes=\"auto, (max-width: 2516px) 100vw, 2516px\" \/><\/figure>\n<\/div>\n<\/div>","protected":false},"excerpt":{"rendered":"","protected":false},"author":1,"featured_media":2993,"comment_status":"open","ping_status":"open","sticky":false,"template":"","format":"standard","meta":{"_acf_changed":false,"footnotes":""},"categories":[45,25,10,1,7,8,9,14,17,24],"tags":[44],"class_list":["post-1703","post","type-post","status-publish","format-standard","has-post-thumbnail","hentry","category-45","category-casas","category-concluida","category-decada","category-escala","category-fase","category-local","category-media","category-sp","category-tipologia","tag-44"],"acf":[],"yoast_head":"<!-- This site is optimized with the Yoast SEO plugin v27.4 - https:\/\/yoast.com\/product\/yoast-seo-wordpress\/ -->\n<title>CASA KIM - Biselli Katchborian<\/title>\n<meta name=\"robots\" content=\"index, follow, max-snippet:-1, max-image-preview:large, max-video-preview:-1\" \/>\n<link rel=\"canonical\" href=\"https:\/\/bk.arq.br\/en\/projeto\/casa-kim\/\" \/>\n<meta property=\"og:locale\" content=\"en_US\" \/>\n<meta property=\"og:type\" content=\"article\" \/>\n<meta property=\"og:title\" content=\"CASA KIM - Biselli Katchborian\" \/>\n<meta property=\"og:url\" content=\"https:\/\/bk.arq.br\/en\/projeto\/casa-kim\/\" \/>\n<meta property=\"og:site_name\" content=\"Biselli Katchborian\" \/>\n<meta property=\"article:published_time\" content=\"2026-01-02T00:44:16+00:00\" \/>\n<meta property=\"article:modified_time\" content=\"2026-03-26T17:16:49+00:00\" \/>\n<meta property=\"og:image\" content=\"https:\/\/bk.arq.br\/wp-content\/uploads\/2026\/03\/colorida-capa.png\" \/>\n\t<meta property=\"og:image:width\" content=\"821\" \/>\n\t<meta property=\"og:image:height\" content=\"710\" \/>\n\t<meta property=\"og:image:type\" content=\"image\/png\" \/>\n<meta name=\"author\" content=\"luisavilhena\" \/>\n<meta name=\"twitter:card\" content=\"summary_large_image\" \/>\n<meta name=\"twitter:label1\" content=\"Written by\" \/>\n\t<meta name=\"twitter:data1\" content=\"luisavilhena\" \/>\n\t<meta name=\"twitter:label2\" content=\"Est. reading time\" \/>\n\t<meta name=\"twitter:data2\" content=\"2 minutes\" \/>\n<script type=\"application\/ld+json\" class=\"yoast-schema-graph\">{\"@context\":\"https:\\\/\\\/schema.org\",\"@graph\":[{\"@type\":\"Article\",\"@id\":\"https:\\\/\\\/bk.arq.br\\\/projeto\\\/casa-kim\\\/#article\",\"isPartOf\":{\"@id\":\"https:\\\/\\\/bk.arq.br\\\/projeto\\\/casa-kim\\\/\"},\"author\":{\"name\":\"luisavilhena\",\"@id\":\"https:\\\/\\\/bk.arq.br\\\/#\\\/schema\\\/person\\\/3517e0e1efd67f6295649994973e0efe\"},\"headline\":\"CASA KIM\",\"datePublished\":\"2026-01-02T00:44:16+00:00\",\"dateModified\":\"2026-03-26T17:16:49+00:00\",\"mainEntityOfPage\":{\"@id\":\"https:\\\/\\\/bk.arq.br\\\/projeto\\\/casa-kim\\\/\"},\"wordCount\":2,\"commentCount\":0,\"image\":{\"@id\":\"https:\\\/\\\/bk.arq.br\\\/projeto\\\/casa-kim\\\/#primaryimage\"},\"thumbnailUrl\":\"https:\\\/\\\/bk.arq.br\\\/wp-content\\\/uploads\\\/2026\\\/03\\\/colorida-capa.png\",\"keywords\":[\"1997\"],\"articleSection\":[\"1990\",\"Casas\",\"Conclu\u00edda\",\"D\u00e9cada\",\"Escala\",\"Fase\",\"Local\",\"M\u00e9dia\",\"SP\",\"Tipologia\"],\"inLanguage\":\"en-US\",\"potentialAction\":[{\"@type\":\"CommentAction\",\"name\":\"Comment\",\"target\":[\"https:\\\/\\\/bk.arq.br\\\/projeto\\\/casa-kim\\\/#respond\"]}]},{\"@type\":\"WebPage\",\"@id\":\"https:\\\/\\\/bk.arq.br\\\/projeto\\\/casa-kim\\\/\",\"url\":\"https:\\\/\\\/bk.arq.br\\\/projeto\\\/casa-kim\\\/\",\"name\":\"CASA KIM - Biselli Katchborian\",\"isPartOf\":{\"@id\":\"https:\\\/\\\/bk.arq.br\\\/#website\"},\"primaryImageOfPage\":{\"@id\":\"https:\\\/\\\/bk.arq.br\\\/projeto\\\/casa-kim\\\/#primaryimage\"},\"image\":{\"@id\":\"https:\\\/\\\/bk.arq.br\\\/projeto\\\/casa-kim\\\/#primaryimage\"},\"thumbnailUrl\":\"https:\\\/\\\/bk.arq.br\\\/wp-content\\\/uploads\\\/2026\\\/03\\\/colorida-capa.png\",\"datePublished\":\"2026-01-02T00:44:16+00:00\",\"dateModified\":\"2026-03-26T17:16:49+00:00\",\"author\":{\"@id\":\"https:\\\/\\\/bk.arq.br\\\/#\\\/schema\\\/person\\\/3517e0e1efd67f6295649994973e0efe\"},\"breadcrumb\":{\"@id\":\"https:\\\/\\\/bk.arq.br\\\/projeto\\\/casa-kim\\\/#breadcrumb\"},\"inLanguage\":\"en-US\",\"potentialAction\":[{\"@type\":\"ReadAction\",\"target\":[\"https:\\\/\\\/bk.arq.br\\\/projeto\\\/casa-kim\\\/\"]}]},{\"@type\":\"ImageObject\",\"inLanguage\":\"en-US\",\"@id\":\"https:\\\/\\\/bk.arq.br\\\/projeto\\\/casa-kim\\\/#primaryimage\",\"url\":\"https:\\\/\\\/bk.arq.br\\\/wp-content\\\/uploads\\\/2026\\\/03\\\/colorida-capa.png\",\"contentUrl\":\"https:\\\/\\\/bk.arq.br\\\/wp-content\\\/uploads\\\/2026\\\/03\\\/colorida-capa.png\",\"width\":821,\"height\":710},{\"@type\":\"BreadcrumbList\",\"@id\":\"https:\\\/\\\/bk.arq.br\\\/projeto\\\/casa-kim\\\/#breadcrumb\",\"itemListElement\":[{\"@type\":\"ListItem\",\"position\":1,\"name\":\"Home\",\"item\":\"https:\\\/\\\/bk.arq.br\\\/\"},{\"@type\":\"ListItem\",\"position\":2,\"name\":\"CASA KIM\"}]},{\"@type\":\"WebSite\",\"@id\":\"https:\\\/\\\/bk.arq.br\\\/#website\",\"url\":\"https:\\\/\\\/bk.arq.br\\\/\",\"name\":\"Biselli Katchborian\",\"description\":\"Escrit\u00f3rio de arquitetura e urbanismo\",\"alternateName\":\"BK\",\"potentialAction\":[{\"@type\":\"SearchAction\",\"target\":{\"@type\":\"EntryPoint\",\"urlTemplate\":\"https:\\\/\\\/bk.arq.br\\\/?s={search_term_string}\"},\"query-input\":{\"@type\":\"PropertyValueSpecification\",\"valueRequired\":true,\"valueName\":\"search_term_string\"}}],\"inLanguage\":\"en-US\"},{\"@type\":\"Person\",\"@id\":\"https:\\\/\\\/bk.arq.br\\\/#\\\/schema\\\/person\\\/3517e0e1efd67f6295649994973e0efe\",\"name\":\"luisavilhena\",\"image\":{\"@type\":\"ImageObject\",\"inLanguage\":\"en-US\",\"@id\":\"https:\\\/\\\/secure.gravatar.com\\\/avatar\\\/2082f64594fb4bdb08a199b09ad977328b458f68ffc6799f6e4da5cdc2c2189f?s=96&d=mm&r=g\",\"url\":\"https:\\\/\\\/secure.gravatar.com\\\/avatar\\\/2082f64594fb4bdb08a199b09ad977328b458f68ffc6799f6e4da5cdc2c2189f?s=96&d=mm&r=g\",\"contentUrl\":\"https:\\\/\\\/secure.gravatar.com\\\/avatar\\\/2082f64594fb4bdb08a199b09ad977328b458f68ffc6799f6e4da5cdc2c2189f?s=96&d=mm&r=g\",\"caption\":\"luisavilhena\"},\"sameAs\":[\"http:\\\/\\\/bk.institucional.ws\"],\"url\":\"https:\\\/\\\/bk.arq.br\\\/en\\\/projeto\\\/author\\\/luisavilhena\\\/\"}]}<\/script>\n<!-- \/ Yoast SEO plugin. -->","yoast_head_json":{"title":"CASA KIM - Biselli Katchborian","robots":{"index":"index","follow":"follow","max-snippet":"max-snippet:-1","max-image-preview":"max-image-preview:large","max-video-preview":"max-video-preview:-1"},"canonical":"https:\/\/bk.arq.br\/en\/projeto\/casa-kim\/","og_locale":"en_US","og_type":"article","og_title":"CASA KIM - Biselli Katchborian","og_url":"https:\/\/bk.arq.br\/en\/projeto\/casa-kim\/","og_site_name":"Biselli Katchborian","article_published_time":"2026-01-02T00:44:16+00:00","article_modified_time":"2026-03-26T17:16:49+00:00","og_image":[{"width":821,"height":710,"url":"https:\/\/bk.arq.br\/wp-content\/uploads\/2026\/03\/colorida-capa.png","type":"image\/png"}],"author":"luisavilhena","twitter_card":"summary_large_image","twitter_misc":{"Written by":"luisavilhena","Est. reading time":"2 minutes"},"schema":{"@context":"https:\/\/schema.org","@graph":[{"@type":"Article","@id":"https:\/\/bk.arq.br\/projeto\/casa-kim\/#article","isPartOf":{"@id":"https:\/\/bk.arq.br\/projeto\/casa-kim\/"},"author":{"name":"luisavilhena","@id":"https:\/\/bk.arq.br\/#\/schema\/person\/3517e0e1efd67f6295649994973e0efe"},"headline":"CASA KIM","datePublished":"2026-01-02T00:44:16+00:00","dateModified":"2026-03-26T17:16:49+00:00","mainEntityOfPage":{"@id":"https:\/\/bk.arq.br\/projeto\/casa-kim\/"},"wordCount":2,"commentCount":0,"image":{"@id":"https:\/\/bk.arq.br\/projeto\/casa-kim\/#primaryimage"},"thumbnailUrl":"https:\/\/bk.arq.br\/wp-content\/uploads\/2026\/03\/colorida-capa.png","keywords":["1997"],"articleSection":["1990","Casas","Conclu\u00edda","D\u00e9cada","Escala","Fase","Local","M\u00e9dia","SP","Tipologia"],"inLanguage":"en-US","potentialAction":[{"@type":"CommentAction","name":"Comment","target":["https:\/\/bk.arq.br\/projeto\/casa-kim\/#respond"]}]},{"@type":"WebPage","@id":"https:\/\/bk.arq.br\/projeto\/casa-kim\/","url":"https:\/\/bk.arq.br\/projeto\/casa-kim\/","name":"CASA KIM - Biselli Katchborian","isPartOf":{"@id":"https:\/\/bk.arq.br\/#website"},"primaryImageOfPage":{"@id":"https:\/\/bk.arq.br\/projeto\/casa-kim\/#primaryimage"},"image":{"@id":"https:\/\/bk.arq.br\/projeto\/casa-kim\/#primaryimage"},"thumbnailUrl":"https:\/\/bk.arq.br\/wp-content\/uploads\/2026\/03\/colorida-capa.png","datePublished":"2026-01-02T00:44:16+00:00","dateModified":"2026-03-26T17:16:49+00:00","author":{"@id":"https:\/\/bk.arq.br\/#\/schema\/person\/3517e0e1efd67f6295649994973e0efe"},"breadcrumb":{"@id":"https:\/\/bk.arq.br\/projeto\/casa-kim\/#breadcrumb"},"inLanguage":"en-US","potentialAction":[{"@type":"ReadAction","target":["https:\/\/bk.arq.br\/projeto\/casa-kim\/"]}]},{"@type":"ImageObject","inLanguage":"en-US","@id":"https:\/\/bk.arq.br\/projeto\/casa-kim\/#primaryimage","url":"https:\/\/bk.arq.br\/wp-content\/uploads\/2026\/03\/colorida-capa.png","contentUrl":"https:\/\/bk.arq.br\/wp-content\/uploads\/2026\/03\/colorida-capa.png","width":821,"height":710},{"@type":"BreadcrumbList","@id":"https:\/\/bk.arq.br\/projeto\/casa-kim\/#breadcrumb","itemListElement":[{"@type":"ListItem","position":1,"name":"Home","item":"https:\/\/bk.arq.br\/"},{"@type":"ListItem","position":2,"name":"CASA KIM"}]},{"@type":"WebSite","@id":"https:\/\/bk.arq.br\/#website","url":"https:\/\/bk.arq.br\/","name":"Biselli Katchborian","description":"Escrit\u00f3rio de arquitetura e urbanismo","alternateName":"BK","potentialAction":[{"@type":"SearchAction","target":{"@type":"EntryPoint","urlTemplate":"https:\/\/bk.arq.br\/?s={search_term_string}"},"query-input":{"@type":"PropertyValueSpecification","valueRequired":true,"valueName":"search_term_string"}}],"inLanguage":"en-US"},{"@type":"Person","@id":"https:\/\/bk.arq.br\/#\/schema\/person\/3517e0e1efd67f6295649994973e0efe","name":"luisavilhena","image":{"@type":"ImageObject","inLanguage":"en-US","@id":"https:\/\/secure.gravatar.com\/avatar\/2082f64594fb4bdb08a199b09ad977328b458f68ffc6799f6e4da5cdc2c2189f?s=96&d=mm&r=g","url":"https:\/\/secure.gravatar.com\/avatar\/2082f64594fb4bdb08a199b09ad977328b458f68ffc6799f6e4da5cdc2c2189f?s=96&d=mm&r=g","contentUrl":"https:\/\/secure.gravatar.com\/avatar\/2082f64594fb4bdb08a199b09ad977328b458f68ffc6799f6e4da5cdc2c2189f?s=96&d=mm&r=g","caption":"luisavilhena"},"sameAs":["http:\/\/bk.institucional.ws"],"url":"https:\/\/bk.arq.br\/en\/projeto\/author\/luisavilhena\/"}]}},"_links":{"self":[{"href":"https:\/\/bk.arq.br\/en\/wp-json\/wp\/v2\/posts\/1703","targetHints":{"allow":["GET"]}}],"collection":[{"href":"https:\/\/bk.arq.br\/en\/wp-json\/wp\/v2\/posts"}],"about":[{"href":"https:\/\/bk.arq.br\/en\/wp-json\/wp\/v2\/types\/post"}],"author":[{"embeddable":true,"href":"https:\/\/bk.arq.br\/en\/wp-json\/wp\/v2\/users\/1"}],"replies":[{"embeddable":true,"href":"https:\/\/bk.arq.br\/en\/wp-json\/wp\/v2\/comments?post=1703"}],"version-history":[{"count":6,"href":"https:\/\/bk.arq.br\/en\/wp-json\/wp\/v2\/posts\/1703\/revisions"}],"predecessor-version":[{"id":2992,"href":"https:\/\/bk.arq.br\/en\/wp-json\/wp\/v2\/posts\/1703\/revisions\/2992"}],"wp:featuredmedia":[{"embeddable":true,"href":"https:\/\/bk.arq.br\/en\/wp-json\/wp\/v2\/media\/2993"}],"wp:attachment":[{"href":"https:\/\/bk.arq.br\/en\/wp-json\/wp\/v2\/media?parent=1703"}],"wp:term":[{"taxonomy":"category","embeddable":true,"href":"https:\/\/bk.arq.br\/en\/wp-json\/wp\/v2\/categories?post=1703"},{"taxonomy":"post_tag","embeddable":true,"href":"https:\/\/bk.arq.br\/en\/wp-json\/wp\/v2\/tags?post=1703"}],"curies":[{"name":"wp","href":"https:\/\/api.w.org\/{rel}","templated":true}]}}