{"id":1705,"date":"2010-02-12T21:49:11","date_gmt":"2010-02-12T23:49:11","guid":{"rendered":"http:\/\/bk.institucional.ws\/?p=1705"},"modified":"2026-03-10T10:55:32","modified_gmt":"2026-03-10T13:55:32","slug":"vista-bela-habitacional","status":"publish","type":"post","link":"https:\/\/bk.arq.br\/en\/projeto\/vista-bela-habitacional\/","title":{"rendered":"VISTA BELA HOUSING PROJECT"},"content":{"rendered":"<div class=\"wp-block-columns is-layout-flex wp-container-core-columns-is-layout-9d6595d7 wp-block-columns-is-layout-flex\">\n<div class=\"wp-block-column is-layout-flow wp-block-column-is-layout-flow\">\n<figure class=\"wp-block-image size-large\"><img loading=\"lazy\" decoding=\"async\" width=\"1024\" height=\"576\" src=\"http:\/\/bk.arq.br\/wp-content\/uploads\/2026\/02\/EMAISVISTABELA-cam-6-1-1024x576.jpg\" alt=\"\" class=\"wp-image-1692\" srcset=\"https:\/\/bk.arq.br\/wp-content\/uploads\/2026\/02\/EMAISVISTABELA-cam-6-1-1024x576.jpg 1024w, https:\/\/bk.arq.br\/wp-content\/uploads\/2026\/02\/EMAISVISTABELA-cam-6-1-300x169.jpg 300w, https:\/\/bk.arq.br\/wp-content\/uploads\/2026\/02\/EMAISVISTABELA-cam-6-1-768x432.jpg 768w, https:\/\/bk.arq.br\/wp-content\/uploads\/2026\/02\/EMAISVISTABELA-cam-6-1-1536x864.jpg 1536w, https:\/\/bk.arq.br\/wp-content\/uploads\/2026\/02\/EMAISVISTABELA-cam-6-1-18x10.jpg 18w, https:\/\/bk.arq.br\/wp-content\/uploads\/2026\/02\/EMAISVISTABELA-cam-6-1-1200x675.jpg 1200w, https:\/\/bk.arq.br\/wp-content\/uploads\/2026\/02\/EMAISVISTABELA-cam-6-1.jpg 2000w\" sizes=\"auto, (max-width: 1024px) 100vw, 1024px\" \/><\/figure>\n<\/div>\n<\/div>\n\n\n\n<div class=\"wp-block-columns is-layout-flex wp-container-core-columns-is-layout-9d6595d7 wp-block-columns-is-layout-flex\">\n<div class=\"wp-block-column is-layout-flow wp-block-column-is-layout-flow\">\n<figure class=\"wp-block-image size-full\"><img loading=\"lazy\" decoding=\"async\" width=\"2000\" height=\"1125\" src=\"http:\/\/bk.arq.br\/wp-content\/uploads\/2026\/02\/EMAISVISTABELA-cam-6-6.jpg\" alt=\"\" class=\"wp-image-1689\" srcset=\"https:\/\/bk.arq.br\/wp-content\/uploads\/2026\/02\/EMAISVISTABELA-cam-6-6.jpg 2000w, https:\/\/bk.arq.br\/wp-content\/uploads\/2026\/02\/EMAISVISTABELA-cam-6-6-300x169.jpg 300w, https:\/\/bk.arq.br\/wp-content\/uploads\/2026\/02\/EMAISVISTABELA-cam-6-6-1024x576.jpg 1024w, https:\/\/bk.arq.br\/wp-content\/uploads\/2026\/02\/EMAISVISTABELA-cam-6-6-768x432.jpg 768w, https:\/\/bk.arq.br\/wp-content\/uploads\/2026\/02\/EMAISVISTABELA-cam-6-6-1536x864.jpg 1536w, https:\/\/bk.arq.br\/wp-content\/uploads\/2026\/02\/EMAISVISTABELA-cam-6-6-18x10.jpg 18w, https:\/\/bk.arq.br\/wp-content\/uploads\/2026\/02\/EMAISVISTABELA-cam-6-6-1200x675.jpg 1200w\" sizes=\"auto, (max-width: 2000px) 100vw, 2000px\" \/><\/figure>\n<\/div>\n\n\n\n<div class=\"wp-block-column is-layout-flow wp-block-column-is-layout-flow\">\n<figure class=\"wp-block-image size-full\"><img loading=\"lazy\" decoding=\"async\" width=\"2000\" height=\"1125\" src=\"http:\/\/bk.arq.br\/wp-content\/uploads\/2026\/02\/EMAISVISTABELA-cam-6-2.jpg\" alt=\"\" class=\"wp-image-1688\" srcset=\"https:\/\/bk.arq.br\/wp-content\/uploads\/2026\/02\/EMAISVISTABELA-cam-6-2.jpg 2000w, https:\/\/bk.arq.br\/wp-content\/uploads\/2026\/02\/EMAISVISTABELA-cam-6-2-300x169.jpg 300w, https:\/\/bk.arq.br\/wp-content\/uploads\/2026\/02\/EMAISVISTABELA-cam-6-2-1024x576.jpg 1024w, https:\/\/bk.arq.br\/wp-content\/uploads\/2026\/02\/EMAISVISTABELA-cam-6-2-768x432.jpg 768w, https:\/\/bk.arq.br\/wp-content\/uploads\/2026\/02\/EMAISVISTABELA-cam-6-2-1536x864.jpg 1536w, https:\/\/bk.arq.br\/wp-content\/uploads\/2026\/02\/EMAISVISTABELA-cam-6-2-18x10.jpg 18w, https:\/\/bk.arq.br\/wp-content\/uploads\/2026\/02\/EMAISVISTABELA-cam-6-2-1200x675.jpg 1200w\" sizes=\"auto, (max-width: 2000px) 100vw, 2000px\" \/><\/figure>\n<\/div>\n<\/div>\n\n\n\n<div class=\"wp-block-columns is-layout-flex wp-container-core-columns-is-layout-9d6595d7 wp-block-columns-is-layout-flex\">\n<div class=\"wp-block-column is-layout-flow wp-block-column-is-layout-flow\">\n<figure class=\"wp-block-image size-full\"><img loading=\"lazy\" decoding=\"async\" width=\"1805\" height=\"1125\" src=\"http:\/\/bk.arq.br\/wp-content\/uploads\/2026\/02\/EMAISVISTABELA-cam-6-3.jpg\" alt=\"\" class=\"wp-image-1684\" srcset=\"https:\/\/bk.arq.br\/wp-content\/uploads\/2026\/02\/EMAISVISTABELA-cam-6-3.jpg 1805w, https:\/\/bk.arq.br\/wp-content\/uploads\/2026\/02\/EMAISVISTABELA-cam-6-3-300x187.jpg 300w, https:\/\/bk.arq.br\/wp-content\/uploads\/2026\/02\/EMAISVISTABELA-cam-6-3-1024x638.jpg 1024w, https:\/\/bk.arq.br\/wp-content\/uploads\/2026\/02\/EMAISVISTABELA-cam-6-3-768x479.jpg 768w, https:\/\/bk.arq.br\/wp-content\/uploads\/2026\/02\/EMAISVISTABELA-cam-6-3-1536x957.jpg 1536w, https:\/\/bk.arq.br\/wp-content\/uploads\/2026\/02\/EMAISVISTABELA-cam-6-3-18x12.jpg 18w\" sizes=\"auto, (max-width: 1805px) 100vw, 1805px\" \/><\/figure>\n<\/div>\n\n\n\n<div class=\"wp-block-column is-layout-flow wp-block-column-is-layout-flow\">\n<figure class=\"wp-block-image size-full\"><img loading=\"lazy\" decoding=\"async\" width=\"2000\" height=\"1067\" src=\"http:\/\/bk.arq.br\/wp-content\/uploads\/2026\/02\/EMAISVISTABELA-cam-6-4.jpg\" alt=\"\" class=\"wp-image-1679\" srcset=\"https:\/\/bk.arq.br\/wp-content\/uploads\/2026\/02\/EMAISVISTABELA-cam-6-4.jpg 2000w, https:\/\/bk.arq.br\/wp-content\/uploads\/2026\/02\/EMAISVISTABELA-cam-6-4-300x160.jpg 300w, https:\/\/bk.arq.br\/wp-content\/uploads\/2026\/02\/EMAISVISTABELA-cam-6-4-1024x546.jpg 1024w, https:\/\/bk.arq.br\/wp-content\/uploads\/2026\/02\/EMAISVISTABELA-cam-6-4-768x410.jpg 768w, https:\/\/bk.arq.br\/wp-content\/uploads\/2026\/02\/EMAISVISTABELA-cam-6-4-1536x819.jpg 1536w, https:\/\/bk.arq.br\/wp-content\/uploads\/2026\/02\/EMAISVISTABELA-cam-6-4-18x10.jpg 18w\" sizes=\"auto, (max-width: 2000px) 100vw, 2000px\" \/><\/figure>\n<\/div>\n<\/div>\n\n\n\n<div class=\"wp-block-columns is-layout-flex wp-container-core-columns-is-layout-9d6595d7 wp-block-columns-is-layout-flex\">\n<div class=\"wp-block-column is-layout-flow wp-block-column-is-layout-flow\">\n<figure class=\"wp-block-image size-full\"><img loading=\"lazy\" decoding=\"async\" width=\"2000\" height=\"1125\" src=\"http:\/\/bk.arq.br\/wp-content\/uploads\/2026\/02\/EMAISVISTABELA-cam-6-5.jpg\" alt=\"\" class=\"wp-image-1694\" srcset=\"https:\/\/bk.arq.br\/wp-content\/uploads\/2026\/02\/EMAISVISTABELA-cam-6-5.jpg 2000w, https:\/\/bk.arq.br\/wp-content\/uploads\/2026\/02\/EMAISVISTABELA-cam-6-5-300x169.jpg 300w, https:\/\/bk.arq.br\/wp-content\/uploads\/2026\/02\/EMAISVISTABELA-cam-6-5-1024x576.jpg 1024w, https:\/\/bk.arq.br\/wp-content\/uploads\/2026\/02\/EMAISVISTABELA-cam-6-5-768x432.jpg 768w, https:\/\/bk.arq.br\/wp-content\/uploads\/2026\/02\/EMAISVISTABELA-cam-6-5-1536x864.jpg 1536w, https:\/\/bk.arq.br\/wp-content\/uploads\/2026\/02\/EMAISVISTABELA-cam-6-5-18x10.jpg 18w, https:\/\/bk.arq.br\/wp-content\/uploads\/2026\/02\/EMAISVISTABELA-cam-6-5-1200x675.jpg 1200w\" sizes=\"auto, (max-width: 2000px) 100vw, 2000px\" \/><\/figure>\n<\/div>\n<\/div>","protected":false},"excerpt":{"rendered":"","protected":false},"author":1,"featured_media":1694,"comment_status":"open","ping_status":"open","sticky":false,"template":"","format":"standard","meta":{"_acf_changed":false,"footnotes":""},"categories":[22,1,7,16,8,26,9,11,17,24],"tags":[56],"class_list":["post-1705","post","type-post","status-publish","format-standard","has-post-thumbnail","hentry","category-22","category-decada","category-escala","category-extra-grande","category-fase","category-habitacao","category-local","category-nao-executado","category-sp","category-tipologia","tag-56"],"acf":[],"yoast_head":"<!-- This site is optimized with the Yoast SEO plugin v27.4 - https:\/\/yoast.com\/product\/yoast-seo-wordpress\/ -->\n<title>VISTA BELA HABITACIONAL - Biselli Katchborian<\/title>\n<meta name=\"robots\" content=\"index, follow, max-snippet:-1, max-image-preview:large, max-video-preview:-1\" \/>\n<link rel=\"canonical\" href=\"https:\/\/bk.arq.br\/en\/projeto\/vista-bela-habitacional\/\" \/>\n<meta property=\"og:locale\" content=\"en_US\" \/>\n<meta property=\"og:type\" content=\"article\" \/>\n<meta property=\"og:title\" content=\"VISTA BELA HABITACIONAL - Biselli Katchborian\" \/>\n<meta property=\"og:url\" content=\"https:\/\/bk.arq.br\/en\/projeto\/vista-bela-habitacional\/\" \/>\n<meta property=\"og:site_name\" content=\"Biselli Katchborian\" \/>\n<meta property=\"article:published_time\" content=\"2010-02-12T23:49:11+00:00\" \/>\n<meta property=\"article:modified_time\" content=\"2026-03-10T13:55:32+00:00\" \/>\n<meta property=\"og:image\" content=\"https:\/\/bk.arq.br\/wp-content\/uploads\/2026\/02\/EMAISVISTABELA-cam-6-5.jpg\" \/>\n\t<meta property=\"og:image:width\" content=\"2000\" \/>\n\t<meta property=\"og:image:height\" content=\"1125\" \/>\n\t<meta property=\"og:image:type\" content=\"image\/jpeg\" \/>\n<meta name=\"author\" content=\"luisavilhena\" \/>\n<meta name=\"twitter:card\" content=\"summary_large_image\" \/>\n<meta name=\"twitter:label1\" content=\"Written by\" \/>\n\t<meta name=\"twitter:data1\" content=\"luisavilhena\" \/>\n\t<meta name=\"twitter:label2\" content=\"Est. reading time\" \/>\n\t<meta name=\"twitter:data2\" content=\"2 minutes\" \/>\n<script type=\"application\/ld+json\" class=\"yoast-schema-graph\">{\"@context\":\"https:\\\/\\\/schema.org\",\"@graph\":[{\"@type\":\"Article\",\"@id\":\"https:\\\/\\\/bk.arq.br\\\/projeto\\\/vista-bela-habitacional\\\/#article\",\"isPartOf\":{\"@id\":\"https:\\\/\\\/bk.arq.br\\\/projeto\\\/vista-bela-habitacional\\\/\"},\"author\":{\"name\":\"luisavilhena\",\"@id\":\"https:\\\/\\\/bk.arq.br\\\/#\\\/schema\\\/person\\\/3517e0e1efd67f6295649994973e0efe\"},\"headline\":\"VISTA BELA HABITACIONAL\",\"datePublished\":\"2010-02-12T23:49:11+00:00\",\"dateModified\":\"2026-03-10T13:55:32+00:00\",\"mainEntityOfPage\":{\"@id\":\"https:\\\/\\\/bk.arq.br\\\/projeto\\\/vista-bela-habitacional\\\/\"},\"wordCount\":3,\"commentCount\":0,\"image\":{\"@id\":\"https:\\\/\\\/bk.arq.br\\\/projeto\\\/vista-bela-habitacional\\\/#primaryimage\"},\"thumbnailUrl\":\"https:\\\/\\\/bk.arq.br\\\/wp-content\\\/uploads\\\/2026\\\/02\\\/EMAISVISTABELA-cam-6-5.jpg\",\"keywords\":[\"2017\"],\"articleSection\":[\"2010\",\"D\u00e9cada\",\"Escala\",\"Extra Grande\",\"Fase\",\"Habita\u00e7\u00e3o\",\"Local\",\"N\u00e3o executado\",\"SP\",\"Tipologia\"],\"inLanguage\":\"en-US\",\"potentialAction\":[{\"@type\":\"CommentAction\",\"name\":\"Comment\",\"target\":[\"https:\\\/\\\/bk.arq.br\\\/projeto\\\/vista-bela-habitacional\\\/#respond\"]}]},{\"@type\":\"WebPage\",\"@id\":\"https:\\\/\\\/bk.arq.br\\\/projeto\\\/vista-bela-habitacional\\\/\",\"url\":\"https:\\\/\\\/bk.arq.br\\\/projeto\\\/vista-bela-habitacional\\\/\",\"name\":\"VISTA BELA HABITACIONAL - Biselli Katchborian\",\"isPartOf\":{\"@id\":\"https:\\\/\\\/bk.arq.br\\\/#website\"},\"primaryImageOfPage\":{\"@id\":\"https:\\\/\\\/bk.arq.br\\\/projeto\\\/vista-bela-habitacional\\\/#primaryimage\"},\"image\":{\"@id\":\"https:\\\/\\\/bk.arq.br\\\/projeto\\\/vista-bela-habitacional\\\/#primaryimage\"},\"thumbnailUrl\":\"https:\\\/\\\/bk.arq.br\\\/wp-content\\\/uploads\\\/2026\\\/02\\\/EMAISVISTABELA-cam-6-5.jpg\",\"datePublished\":\"2010-02-12T23:49:11+00:00\",\"dateModified\":\"2026-03-10T13:55:32+00:00\",\"author\":{\"@id\":\"https:\\\/\\\/bk.arq.br\\\/#\\\/schema\\\/person\\\/3517e0e1efd67f6295649994973e0efe\"},\"breadcrumb\":{\"@id\":\"https:\\\/\\\/bk.arq.br\\\/projeto\\\/vista-bela-habitacional\\\/#breadcrumb\"},\"inLanguage\":\"en-US\",\"potentialAction\":[{\"@type\":\"ReadAction\",\"target\":[\"https:\\\/\\\/bk.arq.br\\\/projeto\\\/vista-bela-habitacional\\\/\"]}]},{\"@type\":\"ImageObject\",\"inLanguage\":\"en-US\",\"@id\":\"https:\\\/\\\/bk.arq.br\\\/projeto\\\/vista-bela-habitacional\\\/#primaryimage\",\"url\":\"https:\\\/\\\/bk.arq.br\\\/wp-content\\\/uploads\\\/2026\\\/02\\\/EMAISVISTABELA-cam-6-5.jpg\",\"contentUrl\":\"https:\\\/\\\/bk.arq.br\\\/wp-content\\\/uploads\\\/2026\\\/02\\\/EMAISVISTABELA-cam-6-5.jpg\",\"width\":2000,\"height\":1125},{\"@type\":\"BreadcrumbList\",\"@id\":\"https:\\\/\\\/bk.arq.br\\\/projeto\\\/vista-bela-habitacional\\\/#breadcrumb\",\"itemListElement\":[{\"@type\":\"ListItem\",\"position\":1,\"name\":\"Home\",\"item\":\"https:\\\/\\\/bk.arq.br\\\/\"},{\"@type\":\"ListItem\",\"position\":2,\"name\":\"VISTA BELA HABITACIONAL\"}]},{\"@type\":\"WebSite\",\"@id\":\"https:\\\/\\\/bk.arq.br\\\/#website\",\"url\":\"https:\\\/\\\/bk.arq.br\\\/\",\"name\":\"Biselli Katchborian\",\"description\":\"Escrit\u00f3rio de arquitetura e urbanismo\",\"alternateName\":\"BK\",\"potentialAction\":[{\"@type\":\"SearchAction\",\"target\":{\"@type\":\"EntryPoint\",\"urlTemplate\":\"https:\\\/\\\/bk.arq.br\\\/?s={search_term_string}\"},\"query-input\":{\"@type\":\"PropertyValueSpecification\",\"valueRequired\":true,\"valueName\":\"search_term_string\"}}],\"inLanguage\":\"en-US\"},{\"@type\":\"Person\",\"@id\":\"https:\\\/\\\/bk.arq.br\\\/#\\\/schema\\\/person\\\/3517e0e1efd67f6295649994973e0efe\",\"name\":\"luisavilhena\",\"image\":{\"@type\":\"ImageObject\",\"inLanguage\":\"en-US\",\"@id\":\"https:\\\/\\\/secure.gravatar.com\\\/avatar\\\/2082f64594fb4bdb08a199b09ad977328b458f68ffc6799f6e4da5cdc2c2189f?s=96&d=mm&r=g\",\"url\":\"https:\\\/\\\/secure.gravatar.com\\\/avatar\\\/2082f64594fb4bdb08a199b09ad977328b458f68ffc6799f6e4da5cdc2c2189f?s=96&d=mm&r=g\",\"contentUrl\":\"https:\\\/\\\/secure.gravatar.com\\\/avatar\\\/2082f64594fb4bdb08a199b09ad977328b458f68ffc6799f6e4da5cdc2c2189f?s=96&d=mm&r=g\",\"caption\":\"luisavilhena\"},\"sameAs\":[\"http:\\\/\\\/bk.institucional.ws\"],\"url\":\"https:\\\/\\\/bk.arq.br\\\/en\\\/projeto\\\/author\\\/luisavilhena\\\/\"}]}<\/script>\n<!-- \/ Yoast SEO plugin. -->","yoast_head_json":{"title":"VISTA BELA HABITACIONAL - Biselli Katchborian","robots":{"index":"index","follow":"follow","max-snippet":"max-snippet:-1","max-image-preview":"max-image-preview:large","max-video-preview":"max-video-preview:-1"},"canonical":"https:\/\/bk.arq.br\/en\/projeto\/vista-bela-habitacional\/","og_locale":"en_US","og_type":"article","og_title":"VISTA BELA HABITACIONAL - Biselli Katchborian","og_url":"https:\/\/bk.arq.br\/en\/projeto\/vista-bela-habitacional\/","og_site_name":"Biselli Katchborian","article_published_time":"2010-02-12T23:49:11+00:00","article_modified_time":"2026-03-10T13:55:32+00:00","og_image":[{"width":2000,"height":1125,"url":"https:\/\/bk.arq.br\/wp-content\/uploads\/2026\/02\/EMAISVISTABELA-cam-6-5.jpg","type":"image\/jpeg"}],"author":"luisavilhena","twitter_card":"summary_large_image","twitter_misc":{"Written by":"luisavilhena","Est. reading time":"2 minutes"},"schema":{"@context":"https:\/\/schema.org","@graph":[{"@type":"Article","@id":"https:\/\/bk.arq.br\/projeto\/vista-bela-habitacional\/#article","isPartOf":{"@id":"https:\/\/bk.arq.br\/projeto\/vista-bela-habitacional\/"},"author":{"name":"luisavilhena","@id":"https:\/\/bk.arq.br\/#\/schema\/person\/3517e0e1efd67f6295649994973e0efe"},"headline":"VISTA BELA HABITACIONAL","datePublished":"2010-02-12T23:49:11+00:00","dateModified":"2026-03-10T13:55:32+00:00","mainEntityOfPage":{"@id":"https:\/\/bk.arq.br\/projeto\/vista-bela-habitacional\/"},"wordCount":3,"commentCount":0,"image":{"@id":"https:\/\/bk.arq.br\/projeto\/vista-bela-habitacional\/#primaryimage"},"thumbnailUrl":"https:\/\/bk.arq.br\/wp-content\/uploads\/2026\/02\/EMAISVISTABELA-cam-6-5.jpg","keywords":["2017"],"articleSection":["2010","D\u00e9cada","Escala","Extra Grande","Fase","Habita\u00e7\u00e3o","Local","N\u00e3o executado","SP","Tipologia"],"inLanguage":"en-US","potentialAction":[{"@type":"CommentAction","name":"Comment","target":["https:\/\/bk.arq.br\/projeto\/vista-bela-habitacional\/#respond"]}]},{"@type":"WebPage","@id":"https:\/\/bk.arq.br\/projeto\/vista-bela-habitacional\/","url":"https:\/\/bk.arq.br\/projeto\/vista-bela-habitacional\/","name":"VISTA BELA HABITACIONAL - Biselli Katchborian","isPartOf":{"@id":"https:\/\/bk.arq.br\/#website"},"primaryImageOfPage":{"@id":"https:\/\/bk.arq.br\/projeto\/vista-bela-habitacional\/#primaryimage"},"image":{"@id":"https:\/\/bk.arq.br\/projeto\/vista-bela-habitacional\/#primaryimage"},"thumbnailUrl":"https:\/\/bk.arq.br\/wp-content\/uploads\/2026\/02\/EMAISVISTABELA-cam-6-5.jpg","datePublished":"2010-02-12T23:49:11+00:00","dateModified":"2026-03-10T13:55:32+00:00","author":{"@id":"https:\/\/bk.arq.br\/#\/schema\/person\/3517e0e1efd67f6295649994973e0efe"},"breadcrumb":{"@id":"https:\/\/bk.arq.br\/projeto\/vista-bela-habitacional\/#breadcrumb"},"inLanguage":"en-US","potentialAction":[{"@type":"ReadAction","target":["https:\/\/bk.arq.br\/projeto\/vista-bela-habitacional\/"]}]},{"@type":"ImageObject","inLanguage":"en-US","@id":"https:\/\/bk.arq.br\/projeto\/vista-bela-habitacional\/#primaryimage","url":"https:\/\/bk.arq.br\/wp-content\/uploads\/2026\/02\/EMAISVISTABELA-cam-6-5.jpg","contentUrl":"https:\/\/bk.arq.br\/wp-content\/uploads\/2026\/02\/EMAISVISTABELA-cam-6-5.jpg","width":2000,"height":1125},{"@type":"BreadcrumbList","@id":"https:\/\/bk.arq.br\/projeto\/vista-bela-habitacional\/#breadcrumb","itemListElement":[{"@type":"ListItem","position":1,"name":"Home","item":"https:\/\/bk.arq.br\/"},{"@type":"ListItem","position":2,"name":"VISTA BELA HABITACIONAL"}]},{"@type":"WebSite","@id":"https:\/\/bk.arq.br\/#website","url":"https:\/\/bk.arq.br\/","name":"Biselli Katchborian","description":"Escrit\u00f3rio de arquitetura e urbanismo","alternateName":"BK","potentialAction":[{"@type":"SearchAction","target":{"@type":"EntryPoint","urlTemplate":"https:\/\/bk.arq.br\/?s={search_term_string}"},"query-input":{"@type":"PropertyValueSpecification","valueRequired":true,"valueName":"search_term_string"}}],"inLanguage":"en-US"},{"@type":"Person","@id":"https:\/\/bk.arq.br\/#\/schema\/person\/3517e0e1efd67f6295649994973e0efe","name":"luisavilhena","image":{"@type":"ImageObject","inLanguage":"en-US","@id":"https:\/\/secure.gravatar.com\/avatar\/2082f64594fb4bdb08a199b09ad977328b458f68ffc6799f6e4da5cdc2c2189f?s=96&d=mm&r=g","url":"https:\/\/secure.gravatar.com\/avatar\/2082f64594fb4bdb08a199b09ad977328b458f68ffc6799f6e4da5cdc2c2189f?s=96&d=mm&r=g","contentUrl":"https:\/\/secure.gravatar.com\/avatar\/2082f64594fb4bdb08a199b09ad977328b458f68ffc6799f6e4da5cdc2c2189f?s=96&d=mm&r=g","caption":"luisavilhena"},"sameAs":["http:\/\/bk.institucional.ws"],"url":"https:\/\/bk.arq.br\/en\/projeto\/author\/luisavilhena\/"}]}},"_links":{"self":[{"href":"https:\/\/bk.arq.br\/en\/wp-json\/wp\/v2\/posts\/1705","targetHints":{"allow":["GET"]}}],"collection":[{"href":"https:\/\/bk.arq.br\/en\/wp-json\/wp\/v2\/posts"}],"about":[{"href":"https:\/\/bk.arq.br\/en\/wp-json\/wp\/v2\/types\/post"}],"author":[{"embeddable":true,"href":"https:\/\/bk.arq.br\/en\/wp-json\/wp\/v2\/users\/1"}],"replies":[{"embeddable":true,"href":"https:\/\/bk.arq.br\/en\/wp-json\/wp\/v2\/comments?post=1705"}],"version-history":[{"count":4,"href":"https:\/\/bk.arq.br\/en\/wp-json\/wp\/v2\/posts\/1705\/revisions"}],"predecessor-version":[{"id":2601,"href":"https:\/\/bk.arq.br\/en\/wp-json\/wp\/v2\/posts\/1705\/revisions\/2601"}],"wp:featuredmedia":[{"embeddable":true,"href":"https:\/\/bk.arq.br\/en\/wp-json\/wp\/v2\/media\/1694"}],"wp:attachment":[{"href":"https:\/\/bk.arq.br\/en\/wp-json\/wp\/v2\/media?parent=1705"}],"wp:term":[{"taxonomy":"category","embeddable":true,"href":"https:\/\/bk.arq.br\/en\/wp-json\/wp\/v2\/categories?post=1705"},{"taxonomy":"post_tag","embeddable":true,"href":"https:\/\/bk.arq.br\/en\/wp-json\/wp\/v2\/tags?post=1705"}],"curies":[{"name":"wp","href":"https:\/\/api.w.org\/{rel}","templated":true}]}}